{"id":285,"date":"2021-09-29T10:29:35","date_gmt":"2021-09-29T13:29:35","guid":{"rendered":"https:\/\/fev.org.ar\/2021\/?p=285"},"modified":"2021-10-15T10:43:53","modified_gmt":"2021-10-15T13:43:53","slug":"covid-19-la-pandemia-que-cambio-al-mundo","status":"publish","type":"post","link":"https:\/\/fev.org.ar\/2021\/2021\/09\/29\/covid-19-la-pandemia-que-cambio-al-mundo\/","title":{"rendered":"03.COVID-19: La pandemia que cambi\u00f3 al mundo"},"content":{"rendered":"\n<blockquote class=\"wp-block-quote is-layout-flow wp-block-quote-is-layout-flow\"><p><\/p><cite>&#8211; Andrea Truffa &#8211; Docente y Comunicadora Ambiental. Profesora de Biolog\u00eda con postgrados en Ense\u00f1anza de las Ciencias y en Educaci\u00f3n Ambiental. Estudiante avanzada de Comunicaci\u00f3n Social. Escribe art\u00edculos para para el portal ecopensante.com<br><\/cite><\/blockquote>\n\n\n\n<div style=\"height:50px\" aria-hidden=\"true\" class=\"wp-block-spacer\"><\/div>\n\n\n\n<p class=\"has-drop-cap\">A fines de 2019, en la ciudad china de Wuhan, se detectaron los primeros casos de una neumon\u00eda at\u00edpica cuyo agente desencadenante era un coronavirus no conocido hasta ese momento. Apenas unos meses despu\u00e9s, en marzo de 2020, la Organizaci\u00f3n Mundial de la Salud (OMS) declaraba la pandemia del COVID-19, con miles de casos en todo el mundo.<\/p>\n\n\n\n<p>En una carrera a contrarreloj, se desarrollaron vacunas en tiempo r\u00e9cord y se propusieron diversas medidas en cada pa\u00eds con la intenci\u00f3n de superar la crisis mundial. Se pensaron y discutieron soluciones, pero la modificaci\u00f3n de las acciones que posiblemente la desencadenaron a\u00fan est\u00e1 pendiente.<\/p>\n\n\n\n<p>El COVID-19 es una enfermedad de origen zoon\u00f3tico, es decir, es una patolog\u00eda que se transmite de animales (no humanos) a las personas. Quiz\u00e1 sea el ejemplo m\u00e1s tangible, pero no es el \u00fanico caso: de acuerdo con la OMS, el 75% de las enfermedades infecciosas emergentes tienen este origen y seguir\u00e1n surgiendo otras en el futuro si continuamos con el estilo de vida que llevamos hasta ahora.<\/p>\n\n\n\n<p>A mediados de 2020, el Programa de las Naciones Unidas para el Medio Ambiente (PNUMA) public\u00f3 un reporte destinado a informar sobre las causas de esta pandemia y a describir posibles medidas para prevenir otras. De acuerdo con esta publicaci\u00f3n, las actividades humanas han impulsado la aparici\u00f3n de nuevas zoonosis por lo que, adem\u00e1s de buscar soluciones moment\u00e1neas, es imprescindible comprender los factores que las propician y subsanarlas si no queremos seguir repitiendo la historia.<\/p>\n\n\n\n<p>Los estudios epidemiol\u00f3gicos indican que existen diferentes condiciones que favorecen el surgimiento de estas enfermedades. El crecimiento poblacional ha ido de la mano de actividades no sustentables que disminuyen los entornos naturales y aumentan el contacto con animales silvestres y con microorganismos. Algunos de estos pueden saltar entre especies y ser potencialmente pat\u00f3genos (es decir, desencadenar enfermedades), incluso pueden mutar y as\u00ed surgir nuevas cepas como se ha observado que est\u00e1 ocurriendo. En caso de que una enfermedad aumente su n\u00famero afectando a muchas personas, estamos en presencia de una epidemia, y si la misma se extiende a otros pa\u00edses y continentes se convierte en una pandemia.<\/p>\n\n\n\n<p>Entre dichos factores desencadenantes de origen humano, se puede mencionar la actividad agr\u00edcola y ganadera industrial, la explotaci\u00f3n de especies silvestres para la caza o el comercio, la utilizaci\u00f3n insostenible de recursos naturales, la deforestaci\u00f3n, el transporte y el cambio clim\u00e1tico que acent\u00faa a\u00fan m\u00e1s esta situaci\u00f3n, afectando a la supervivencia y distribuci\u00f3n de microorganismos, vectores o hu\u00e9spedes.<\/p>\n\n\n\n<p>La perturbaci\u00f3n de los ambientes aumenta la exposici\u00f3n de las personas a reservorios de agentes pat\u00f3genos, adem\u00e1s de generar presi\u00f3n sobre las especies silvestres y muchas veces favorecer a otras oportunistas.<\/p>\n\n\n\n<p>Las pol\u00edticas que se implementen deben considerar un enfoque que integre la salud humana, animal y ambiental comprendi\u00e9ndolas como \u201cuna sola salud\u201d. La respuesta est\u00e1 en desarrollar estilos de vida sustentables, que prioricen la protecci\u00f3n de la biodiversidad y la conservaci\u00f3n de los ambientes naturales, como pilares del equilibrio ecol\u00f3gico y social (por ejemplo, como ocurre con los sistemas alimentarios agroecol\u00f3gicos).<\/p>\n\n\n\n<p>Esta pandemia marc\u00f3 un hito en nuestras vivencias, oblig\u00e1ndonos a repensar el concepto de \u201cnormalidad\u201d. Tenemos la esperanza de que la superaremos (aunque, lamentablemente, con grandes y dolorosas p\u00e9rdidas). Esperemos que la experiencia de haber transitado estos tiempos dif\u00edciles nos otorgue, en un futuro no muy lejano, las herramientas para no repetir otra situaci\u00f3n similar; para esto es imperante entender las causas y corregirlas. Habr\u00e1 que construir una nueva (y mejor) realidad desde el sentir colectivo. El horizonte debe estar puesto en cambiar nuestra relaci\u00f3n con la naturaleza, donde pensemos en una salud integral, que no disocie a nuestra especie del ambiente.<\/p>\n","protected":false},"excerpt":{"rendered":"<p>&#8211; Andrea Truffa &#8211; Docente y Comunicadora Ambiental. Profesora de Biolog\u00eda con postgrados en Ense\u00f1anza de las Ciencias y en Educaci\u00f3n Ambiental. Estudiante avanzada de Comunicaci\u00f3n Social. Escribe art\u00edculos para para el portal ecopensante.com A fines de 2019, en la ciudad china de Wuhan, se detectaron los primeros casos de una neumon\u00eda at\u00edpica cuyo agente [&hellip;]<\/p>\n","protected":false},"author":1,"featured_media":4117,"comment_status":"open","ping_status":"open","sticky":false,"template":"","format":"standard","meta":{"footnotes":""},"categories":[2],"tags":[],"class_list":["post-285","post","type-post","status-publish","format-standard","has-post-thumbnail","hentry","category-notas-fev-30-anos"],"yoast_head":"<!-- This site is optimized with the Yoast SEO plugin v17.3 - https:\/\/yoast.com\/wordpress\/plugins\/seo\/ -->\n<title>03.COVID-19: La pandemia que cambi\u00f3 al mundo &ndash; Fev 30 a\u00f1os | Revista<\/title>\n<meta name=\"robots\" content=\"index, follow, max-snippet:-1, max-image-preview:large, max-video-preview:-1\" \/>\n<link rel=\"canonical\" href=\"https:\/\/fev.org.ar\/2021\/2021\/09\/29\/covid-19-la-pandemia-que-cambio-al-mundo\/\" \/>\n<meta property=\"og:locale\" content=\"es_ES\" \/>\n<meta property=\"og:type\" content=\"article\" \/>\n<meta property=\"og:title\" content=\"03.COVID-19: La pandemia que cambi\u00f3 al mundo &ndash; Fev 30 a\u00f1os | Revista\" \/>\n<meta property=\"og:description\" content=\"&#8211; Andrea Truffa &#8211; Docente y Comunicadora Ambiental. Profesora de Biolog\u00eda con postgrados en Ense\u00f1anza de las Ciencias y en Educaci\u00f3n Ambiental. Estudiante avanzada de Comunicaci\u00f3n Social. Escribe art\u00edculos para para el portal ecopensante.com A fines de 2019, en la ciudad china de Wuhan, se detectaron los primeros casos de una neumon\u00eda at\u00edpica cuyo agente [&hellip;]\" \/>\n<meta property=\"og:url\" content=\"https:\/\/fev.org.ar\/2021\/2021\/09\/29\/covid-19-la-pandemia-que-cambio-al-mundo\/\" \/>\n<meta property=\"og:site_name\" content=\"Fev 30 a\u00f1os | Revista\" \/>\n<meta property=\"article:published_time\" content=\"2021-09-29T13:29:35+00:00\" \/>\n<meta property=\"article:modified_time\" content=\"2021-10-15T13:43:53+00:00\" \/>\n<meta property=\"og:image\" content=\"https:\/\/fev.org.ar\/2021\/wp-content\/uploads\/2021\/09\/03-Por-Andrea-Truffa.png\" \/>\n\t<meta property=\"og:image:width\" content=\"500\" \/>\n\t<meta property=\"og:image:height\" content=\"375\" \/>\n<meta name=\"twitter:card\" content=\"summary_large_image\" \/>\n<meta name=\"twitter:label1\" content=\"Escrito por\" \/>\n\t<meta name=\"twitter:data1\" content=\"admin\" \/>\n\t<meta name=\"twitter:label2\" content=\"Tiempo de lectura\" \/>\n\t<meta name=\"twitter:data2\" content=\"3 minutos\" \/>\n<script type=\"application\/ld+json\" class=\"yoast-schema-graph\">{\"@context\":\"https:\/\/schema.org\",\"@graph\":[{\"@type\":\"WebSite\",\"@id\":\"https:\/\/fev.org.ar\/2021\/#website\",\"url\":\"https:\/\/fev.org.ar\/2021\/\",\"name\":\"Fev 30 a\\u00f1os | Revista\",\"description\":\"Otro sitio realizado con WordPress\",\"potentialAction\":[{\"@type\":\"SearchAction\",\"target\":{\"@type\":\"EntryPoint\",\"urlTemplate\":\"https:\/\/fev.org.ar\/2021\/?s={search_term_string}\"},\"query-input\":\"required name=search_term_string\"}],\"inLanguage\":\"es-AR\"},{\"@type\":\"ImageObject\",\"@id\":\"https:\/\/fev.org.ar\/2021\/2021\/09\/29\/covid-19-la-pandemia-que-cambio-al-mundo\/#primaryimage\",\"inLanguage\":\"es-AR\",\"url\":\"https:\/\/fev.org.ar\/2021\/wp-content\/uploads\/2021\/09\/03-Por-Andrea-Truffa.png\",\"contentUrl\":\"https:\/\/fev.org.ar\/2021\/wp-content\/uploads\/2021\/09\/03-Por-Andrea-Truffa.png\",\"width\":500,\"height\":375},{\"@type\":\"WebPage\",\"@id\":\"https:\/\/fev.org.ar\/2021\/2021\/09\/29\/covid-19-la-pandemia-que-cambio-al-mundo\/#webpage\",\"url\":\"https:\/\/fev.org.ar\/2021\/2021\/09\/29\/covid-19-la-pandemia-que-cambio-al-mundo\/\",\"name\":\"03.COVID-19: La pandemia que cambi\\u00f3 al mundo &ndash; Fev 30 a\\u00f1os | Revista\",\"isPartOf\":{\"@id\":\"https:\/\/fev.org.ar\/2021\/#website\"},\"primaryImageOfPage\":{\"@id\":\"https:\/\/fev.org.ar\/2021\/2021\/09\/29\/covid-19-la-pandemia-que-cambio-al-mundo\/#primaryimage\"},\"datePublished\":\"2021-09-29T13:29:35+00:00\",\"dateModified\":\"2021-10-15T13:43:53+00:00\",\"author\":{\"@id\":\"https:\/\/fev.org.ar\/2021\/#\/schema\/person\/129a0b6c097225e19ad439bc925fb675\"},\"breadcrumb\":{\"@id\":\"https:\/\/fev.org.ar\/2021\/2021\/09\/29\/covid-19-la-pandemia-que-cambio-al-mundo\/#breadcrumb\"},\"inLanguage\":\"es-AR\",\"potentialAction\":[{\"@type\":\"ReadAction\",\"target\":[\"https:\/\/fev.org.ar\/2021\/2021\/09\/29\/covid-19-la-pandemia-que-cambio-al-mundo\/\"]}]},{\"@type\":\"BreadcrumbList\",\"@id\":\"https:\/\/fev.org.ar\/2021\/2021\/09\/29\/covid-19-la-pandemia-que-cambio-al-mundo\/#breadcrumb\",\"itemListElement\":[{\"@type\":\"ListItem\",\"position\":1,\"name\":\"Inicio\",\"item\":\"https:\/\/fev.org.ar\/2021\/\"},{\"@type\":\"ListItem\",\"position\":2,\"name\":\"03.COVID-19: La pandemia que cambi\\u00f3 al mundo\"}]},{\"@type\":\"Person\",\"@id\":\"https:\/\/fev.org.ar\/2021\/#\/schema\/person\/129a0b6c097225e19ad439bc925fb675\",\"name\":\"admin\",\"image\":{\"@type\":\"ImageObject\",\"@id\":\"https:\/\/fev.org.ar\/2021\/#personlogo\",\"inLanguage\":\"es-AR\",\"url\":\"https:\/\/secure.gravatar.com\/avatar\/666051b979124631097d70656a959c4035e87c4f85feaf184bb9cc276b53e72b?s=96&d=mm&r=g\",\"contentUrl\":\"https:\/\/secure.gravatar.com\/avatar\/666051b979124631097d70656a959c4035e87c4f85feaf184bb9cc276b53e72b?s=96&d=mm&r=g\",\"caption\":\"admin\"},\"sameAs\":[\"https:\/\/fev.org.ar\/2021\"],\"url\":\"https:\/\/fev.org.ar\/2021\/author\/admin\/\"}]}<\/script>\n<!-- \/ Yoast SEO plugin. -->","yoast_head_json":{"title":"03.COVID-19: La pandemia que cambi\u00f3 al mundo &ndash; Fev 30 a\u00f1os | Revista","robots":{"index":"index","follow":"follow","max-snippet":"max-snippet:-1","max-image-preview":"max-image-preview:large","max-video-preview":"max-video-preview:-1"},"canonical":"https:\/\/fev.org.ar\/2021\/2021\/09\/29\/covid-19-la-pandemia-que-cambio-al-mundo\/","og_locale":"es_ES","og_type":"article","og_title":"03.COVID-19: La pandemia que cambi\u00f3 al mundo &ndash; Fev 30 a\u00f1os | Revista","og_description":"&#8211; Andrea Truffa &#8211; Docente y Comunicadora Ambiental. Profesora de Biolog\u00eda con postgrados en Ense\u00f1anza de las Ciencias y en Educaci\u00f3n Ambiental. Estudiante avanzada de Comunicaci\u00f3n Social. Escribe art\u00edculos para para el portal ecopensante.com A fines de 2019, en la ciudad china de Wuhan, se detectaron los primeros casos de una neumon\u00eda at\u00edpica cuyo agente [&hellip;]","og_url":"https:\/\/fev.org.ar\/2021\/2021\/09\/29\/covid-19-la-pandemia-que-cambio-al-mundo\/","og_site_name":"Fev 30 a\u00f1os | Revista","article_published_time":"2021-09-29T13:29:35+00:00","article_modified_time":"2021-10-15T13:43:53+00:00","og_image":[{"width":500,"height":375,"url":"https:\/\/fev.org.ar\/2021\/wp-content\/uploads\/2021\/09\/03-Por-Andrea-Truffa.png","type":"image\/png"}],"twitter_card":"summary_large_image","twitter_misc":{"Escrito por":"admin","Tiempo de lectura":"3 minutos"},"schema":{"@context":"https:\/\/schema.org","@graph":[{"@type":"WebSite","@id":"https:\/\/fev.org.ar\/2021\/#website","url":"https:\/\/fev.org.ar\/2021\/","name":"Fev 30 a\u00f1os | Revista","description":"Otro sitio realizado con WordPress","potentialAction":[{"@type":"SearchAction","target":{"@type":"EntryPoint","urlTemplate":"https:\/\/fev.org.ar\/2021\/?s={search_term_string}"},"query-input":"required name=search_term_string"}],"inLanguage":"es-AR"},{"@type":"ImageObject","@id":"https:\/\/fev.org.ar\/2021\/2021\/09\/29\/covid-19-la-pandemia-que-cambio-al-mundo\/#primaryimage","inLanguage":"es-AR","url":"https:\/\/fev.org.ar\/2021\/wp-content\/uploads\/2021\/09\/03-Por-Andrea-Truffa.png","contentUrl":"https:\/\/fev.org.ar\/2021\/wp-content\/uploads\/2021\/09\/03-Por-Andrea-Truffa.png","width":500,"height":375},{"@type":"WebPage","@id":"https:\/\/fev.org.ar\/2021\/2021\/09\/29\/covid-19-la-pandemia-que-cambio-al-mundo\/#webpage","url":"https:\/\/fev.org.ar\/2021\/2021\/09\/29\/covid-19-la-pandemia-que-cambio-al-mundo\/","name":"03.COVID-19: La pandemia que cambi\u00f3 al mundo &ndash; Fev 30 a\u00f1os | Revista","isPartOf":{"@id":"https:\/\/fev.org.ar\/2021\/#website"},"primaryImageOfPage":{"@id":"https:\/\/fev.org.ar\/2021\/2021\/09\/29\/covid-19-la-pandemia-que-cambio-al-mundo\/#primaryimage"},"datePublished":"2021-09-29T13:29:35+00:00","dateModified":"2021-10-15T13:43:53+00:00","author":{"@id":"https:\/\/fev.org.ar\/2021\/#\/schema\/person\/129a0b6c097225e19ad439bc925fb675"},"breadcrumb":{"@id":"https:\/\/fev.org.ar\/2021\/2021\/09\/29\/covid-19-la-pandemia-que-cambio-al-mundo\/#breadcrumb"},"inLanguage":"es-AR","potentialAction":[{"@type":"ReadAction","target":["https:\/\/fev.org.ar\/2021\/2021\/09\/29\/covid-19-la-pandemia-que-cambio-al-mundo\/"]}]},{"@type":"BreadcrumbList","@id":"https:\/\/fev.org.ar\/2021\/2021\/09\/29\/covid-19-la-pandemia-que-cambio-al-mundo\/#breadcrumb","itemListElement":[{"@type":"ListItem","position":1,"name":"Inicio","item":"https:\/\/fev.org.ar\/2021\/"},{"@type":"ListItem","position":2,"name":"03.COVID-19: La pandemia que cambi\u00f3 al mundo"}]},{"@type":"Person","@id":"https:\/\/fev.org.ar\/2021\/#\/schema\/person\/129a0b6c097225e19ad439bc925fb675","name":"admin","image":{"@type":"ImageObject","@id":"https:\/\/fev.org.ar\/2021\/#personlogo","inLanguage":"es-AR","url":"https:\/\/secure.gravatar.com\/avatar\/666051b979124631097d70656a959c4035e87c4f85feaf184bb9cc276b53e72b?s=96&d=mm&r=g","contentUrl":"https:\/\/secure.gravatar.com\/avatar\/666051b979124631097d70656a959c4035e87c4f85feaf184bb9cc276b53e72b?s=96&d=mm&r=g","caption":"admin"},"sameAs":["https:\/\/fev.org.ar\/2021"],"url":"https:\/\/fev.org.ar\/2021\/author\/admin\/"}]}},"_links":{"self":[{"href":"https:\/\/fev.org.ar\/2021\/wp-json\/wp\/v2\/posts\/285","targetHints":{"allow":["GET"]}}],"collection":[{"href":"https:\/\/fev.org.ar\/2021\/wp-json\/wp\/v2\/posts"}],"about":[{"href":"https:\/\/fev.org.ar\/2021\/wp-json\/wp\/v2\/types\/post"}],"author":[{"embeddable":true,"href":"https:\/\/fev.org.ar\/2021\/wp-json\/wp\/v2\/users\/1"}],"replies":[{"embeddable":true,"href":"https:\/\/fev.org.ar\/2021\/wp-json\/wp\/v2\/comments?post=285"}],"version-history":[{"count":4,"href":"https:\/\/fev.org.ar\/2021\/wp-json\/wp\/v2\/posts\/285\/revisions"}],"predecessor-version":[{"id":2674,"href":"https:\/\/fev.org.ar\/2021\/wp-json\/wp\/v2\/posts\/285\/revisions\/2674"}],"wp:featuredmedia":[{"embeddable":true,"href":"https:\/\/fev.org.ar\/2021\/wp-json\/wp\/v2\/media\/4117"}],"wp:attachment":[{"href":"https:\/\/fev.org.ar\/2021\/wp-json\/wp\/v2\/media?parent=285"}],"wp:term":[{"taxonomy":"category","embeddable":true,"href":"https:\/\/fev.org.ar\/2021\/wp-json\/wp\/v2\/categories?post=285"},{"taxonomy":"post_tag","embeddable":true,"href":"https:\/\/fev.org.ar\/2021\/wp-json\/wp\/v2\/tags?post=285"}],"curies":[{"name":"wp","href":"https:\/\/api.w.org\/{rel}","templated":true}]}}